{"id":4803,"date":"2023-01-05T22:23:44","date_gmt":"2023-01-05T21:23:44","guid":{"rendered":"https:\/\/www.oseido.tech\/?p=4803"},"modified":"2023-04-10T22:39:47","modified_gmt":"2023-04-10T20:39:47","slug":"expobiogaz-the-renewable-gas-exhibition","status":"publish","type":"post","link":"https:\/\/www.oseido.tech\/index.php\/en\/2023\/01\/05\/expobiogaz-the-renewable-gas-exhibition\/","title":{"rendered":"Expobiogaz, the renewable gas exhibition"},"content":{"rendered":"\t\t<div data-elementor-type=\"wp-post\" data-elementor-id=\"4803\" class=\"elementor elementor-4803\" data-elementor-post-type=\"post\">\n\t\t\t\t\t\t<section class=\"elementor-section elementor-top-section elementor-element elementor-element-6a120f1a elementor-section-full_width elementor-section-height-default elementor-section-height-default\" data-id=\"6a120f1a\" data-element_type=\"section\">\n\t\t\t\t\t\t<div class=\"elementor-container elementor-column-gap-no\">\n\t\t\t\t\t<div class=\"elementor-column elementor-col-100 elementor-top-column elementor-element elementor-element-4e37094c\" data-id=\"4e37094c\" data-element_type=\"column\">\n\t\t\t<div class=\"elementor-widget-wrap elementor-element-populated\">\n\t\t\t\t\t\t<div class=\"elementor-element elementor-element-5549e1f elementor-widget elementor-widget-heading\" data-id=\"5549e1f\" data-element_type=\"widget\" data-widget_type=\"heading.default\">\n\t\t\t\t<div class=\"elementor-widget-container\">\n\t\t\t\t\t<h2 class=\"elementor-heading-title elementor-size-default\">Expobiogaz, le rendez-vous national de r\u00e9f\u00e9rence du gaz renouvelable les 7 et 8 juin 2023 a Strasbourg<\/h2>\t\t\t\t<\/div>\n\t\t\t\t<\/div>\n\t\t\t\t<div class=\"elementor-element elementor-element-fc458fe elementor-widget elementor-widget-text-editor\" data-id=\"fc458fe\" data-element_type=\"widget\" data-widget_type=\"text-editor.default\">\n\t\t\t\t<div class=\"elementor-widget-container\">\n\t\t\t\t\t\t\t\t\t<p><\/p>\n<p>\u00a0<\/p>\n<p>Expobiogaz<a href=\"https:\/\/www.expo-biogaz.com\/fr\">,<\/a> salon national du\u00a0gaz renouvelable,\u00a0un rendez-vous de r\u00e9f\u00e9rence en France pr\u00e9sente l&rsquo;ensemble des\u00a0solutions pour la production et la valorisation\u00a0du gaz renouvelable.<\/p>\n<p>Ce salon vous int\u00e9ressera si vous \u00eates porteur de projets, exploitant d\u2019unit\u00e9s biogaz, agriculteur, industriel\u00a0de l&rsquo;agro-alimentaire, en charge du traitement de l\u2019eau et des d\u00e9chets, professionnel de la fili\u00e8re transport et \u00e9nergie, repr\u00e9sentant d\u2019une collectivit\u00e9\u2026\u00a0<br \/><br \/>Toutes les infos sur : <span style=\"color: #324a6d;\"><a style=\"color: #324a6d;\" href=\"https:\/\/www.expo-biogaz.com\/fr\" target=\"_blank\" rel=\"noopener\">expo-biogaz.com\/fr<\/a><\/span><\/p>\n<p><\/p>\t\t\t\t\t\t\t\t<\/div>\n\t\t\t\t<\/div>\n\t\t\t\t\t<\/div>\n\t\t<\/div>\n\t\t\t\t\t<\/div>\n\t\t<\/section>\n\t\t\t\t<\/div>\n\t\t","protected":false},"excerpt":{"rendered":"<p>Expobiogaz, le rendez-vous national de r\u00e9f\u00e9rence du gaz renouvelable les 7 et 8 juin 2023 a Strasbourg \u00a0 Expobiogaz, salon national du\u00a0gaz renouvelable,\u00a0un rendez-vous de r\u00e9f\u00e9rence en France pr\u00e9sente l&rsquo;ensemble des\u00a0solutions pour la production et la valorisation\u00a0du gaz renouvelable. Ce salon vous int\u00e9ressera si vous \u00eates porteur de projets, exploitant d\u2019unit\u00e9s biogaz, agriculteur, industriel\u00a0de l&rsquo;agro-alimentaire, [&hellip;]<\/p>\n","protected":false},"author":1,"featured_media":3513,"comment_status":"closed","ping_status":"closed","sticky":false,"template":"","format":"standard","meta":{"footnotes":""},"categories":[32],"tags":[],"class_list":["post-4803","post","type-post","status-publish","format-standard","has-post-thumbnail","hentry","category-non-classe-en"],"yoast_head":"<!-- This site is optimized with the Yoast SEO plugin v27.2 - https:\/\/yoast.com\/product\/yoast-seo-wordpress\/ -->\n<title>Expobiogaz, the renewable gas exhibition - OSEIDO<\/title>\n<meta name=\"robots\" content=\"index, follow, max-snippet:-1, max-image-preview:large, max-video-preview:-1\" \/>\n<link rel=\"canonical\" href=\"https:\/\/www.oseido.tech\/index.php\/en\/2023\/01\/05\/expobiogaz-the-renewable-gas-exhibition\/\" \/>\n<meta property=\"og:locale\" content=\"fr_FR\" \/>\n<meta property=\"og:type\" content=\"article\" \/>\n<meta property=\"og:title\" content=\"Expobiogaz, the renewable gas exhibition - OSEIDO\" \/>\n<meta property=\"og:description\" content=\"Expobiogaz, le rendez-vous national de r\u00e9f\u00e9rence du gaz renouvelable les 7 et 8 juin 2023 a Strasbourg \u00a0 Expobiogaz, salon national du\u00a0gaz renouvelable,\u00a0un rendez-vous de r\u00e9f\u00e9rence en France pr\u00e9sente l&rsquo;ensemble des\u00a0solutions pour la production et la valorisation\u00a0du gaz renouvelable. Ce salon vous int\u00e9ressera si vous \u00eates porteur de projets, exploitant d\u2019unit\u00e9s biogaz, agriculteur, industriel\u00a0de l&rsquo;agro-alimentaire, [&hellip;]\" \/>\n<meta property=\"og:url\" content=\"https:\/\/www.oseido.tech\/index.php\/en\/2023\/01\/05\/expobiogaz-the-renewable-gas-exhibition\/\" \/>\n<meta property=\"og:site_name\" content=\"OSEIDO\" \/>\n<meta property=\"article:published_time\" content=\"2023-01-05T21:23:44+00:00\" \/>\n<meta property=\"article:modified_time\" content=\"2023-04-10T20:39:47+00:00\" \/>\n<meta property=\"og:image\" content=\"https:\/\/www.oseido.tech\/wp-content\/uploads\/2023\/03\/oseido-visuel-paysage-grd-08.jpg\" \/>\n\t<meta property=\"og:image:width\" content=\"1600\" \/>\n\t<meta property=\"og:image:height\" content=\"1046\" \/>\n\t<meta property=\"og:image:type\" content=\"image\/jpeg\" \/>\n<meta name=\"author\" content=\"admin-oseido243B\" \/>\n<meta name=\"twitter:card\" content=\"summary_large_image\" \/>\n<meta name=\"twitter:label1\" content=\"\u00c9crit par\" \/>\n\t<meta name=\"twitter:data1\" content=\"admin-oseido243B\" \/>\n\t<meta name=\"twitter:label2\" content=\"Dur\u00e9e de lecture estim\u00e9e\" \/>\n\t<meta name=\"twitter:data2\" content=\"1 minute\" \/>\n<script type=\"application\/ld+json\" class=\"yoast-schema-graph\">{\"@context\":\"https:\/\/schema.org\",\"@graph\":[{\"@type\":\"Article\",\"@id\":\"https:\/\/www.oseido.tech\/index.php\/en\/2023\/01\/05\/expobiogaz-the-renewable-gas-exhibition\/#article\",\"isPartOf\":{\"@id\":\"https:\/\/www.oseido.tech\/index.php\/en\/2023\/01\/05\/expobiogaz-the-renewable-gas-exhibition\/\"},\"author\":{\"name\":\"admin-oseido243B\",\"@id\":\"https:\/\/www.oseido.tech\/#\/schema\/person\/f822bc3c04806b3129aad5592d598793\"},\"headline\":\"Expobiogaz, the renewable gas exhibition\",\"datePublished\":\"2023-01-05T21:23:44+00:00\",\"dateModified\":\"2023-04-10T20:39:47+00:00\",\"mainEntityOfPage\":{\"@id\":\"https:\/\/www.oseido.tech\/index.php\/en\/2023\/01\/05\/expobiogaz-the-renewable-gas-exhibition\/\"},\"wordCount\":102,\"publisher\":{\"@id\":\"https:\/\/www.oseido.tech\/#organization\"},\"image\":{\"@id\":\"https:\/\/www.oseido.tech\/index.php\/en\/2023\/01\/05\/expobiogaz-the-renewable-gas-exhibition\/#primaryimage\"},\"thumbnailUrl\":\"https:\/\/www.oseido.tech\/wp-content\/uploads\/2023\/03\/oseido-visuel-paysage-grd-08.jpg\",\"inLanguage\":\"fr-FR\"},{\"@type\":\"WebPage\",\"@id\":\"https:\/\/www.oseido.tech\/index.php\/en\/2023\/01\/05\/expobiogaz-the-renewable-gas-exhibition\/\",\"url\":\"https:\/\/www.oseido.tech\/index.php\/en\/2023\/01\/05\/expobiogaz-the-renewable-gas-exhibition\/\",\"name\":\"Expobiogaz, the renewable gas exhibition - OSEIDO\",\"isPartOf\":{\"@id\":\"https:\/\/www.oseido.tech\/#website\"},\"primaryImageOfPage\":{\"@id\":\"https:\/\/www.oseido.tech\/index.php\/en\/2023\/01\/05\/expobiogaz-the-renewable-gas-exhibition\/#primaryimage\"},\"image\":{\"@id\":\"https:\/\/www.oseido.tech\/index.php\/en\/2023\/01\/05\/expobiogaz-the-renewable-gas-exhibition\/#primaryimage\"},\"thumbnailUrl\":\"https:\/\/www.oseido.tech\/wp-content\/uploads\/2023\/03\/oseido-visuel-paysage-grd-08.jpg\",\"datePublished\":\"2023-01-05T21:23:44+00:00\",\"dateModified\":\"2023-04-10T20:39:47+00:00\",\"breadcrumb\":{\"@id\":\"https:\/\/www.oseido.tech\/index.php\/en\/2023\/01\/05\/expobiogaz-the-renewable-gas-exhibition\/#breadcrumb\"},\"inLanguage\":\"fr-FR\",\"potentialAction\":[{\"@type\":\"ReadAction\",\"target\":[\"https:\/\/www.oseido.tech\/index.php\/en\/2023\/01\/05\/expobiogaz-the-renewable-gas-exhibition\/\"]}]},{\"@type\":\"ImageObject\",\"inLanguage\":\"fr-FR\",\"@id\":\"https:\/\/www.oseido.tech\/index.php\/en\/2023\/01\/05\/expobiogaz-the-renewable-gas-exhibition\/#primaryimage\",\"url\":\"https:\/\/www.oseido.tech\/wp-content\/uploads\/2023\/03\/oseido-visuel-paysage-grd-08.jpg\",\"contentUrl\":\"https:\/\/www.oseido.tech\/wp-content\/uploads\/2023\/03\/oseido-visuel-paysage-grd-08.jpg\",\"width\":1600,\"height\":1046},{\"@type\":\"BreadcrumbList\",\"@id\":\"https:\/\/www.oseido.tech\/index.php\/en\/2023\/01\/05\/expobiogaz-the-renewable-gas-exhibition\/#breadcrumb\",\"itemListElement\":[{\"@type\":\"ListItem\",\"position\":1,\"name\":\"Accueil\",\"item\":\"https:\/\/www.oseido.tech\/\"},{\"@type\":\"ListItem\",\"position\":2,\"name\":\"Expobiogaz, the renewable gas exhibition\"}]},{\"@type\":\"WebSite\",\"@id\":\"https:\/\/www.oseido.tech\/#website\",\"url\":\"https:\/\/www.oseido.tech\/\",\"name\":\"OSEIDO\",\"description\":\"Solutions biomim\u00e9tiques de traitement d&#039;eau\",\"publisher\":{\"@id\":\"https:\/\/www.oseido.tech\/#organization\"},\"potentialAction\":[{\"@type\":\"SearchAction\",\"target\":{\"@type\":\"EntryPoint\",\"urlTemplate\":\"https:\/\/www.oseido.tech\/?s={search_term_string}\"},\"query-input\":{\"@type\":\"PropertyValueSpecification\",\"valueRequired\":true,\"valueName\":\"search_term_string\"}}],\"inLanguage\":\"fr-FR\"},{\"@type\":\"Organization\",\"@id\":\"https:\/\/www.oseido.tech\/#organization\",\"name\":\"OSEIDO\",\"url\":\"https:\/\/www.oseido.tech\/\",\"logo\":{\"@type\":\"ImageObject\",\"inLanguage\":\"fr-FR\",\"@id\":\"https:\/\/www.oseido.tech\/#\/schema\/logo\/image\/\",\"url\":\"https:\/\/www.oseido.tech\/wp-content\/uploads\/2023\/02\/Logo-OSEIDO.svg\",\"contentUrl\":\"https:\/\/www.oseido.tech\/wp-content\/uploads\/2023\/02\/Logo-OSEIDO.svg\",\"width\":1991,\"height\":715,\"caption\":\"OSEIDO\"},\"image\":{\"@id\":\"https:\/\/www.oseido.tech\/#\/schema\/logo\/image\/\"}},{\"@type\":\"Person\",\"@id\":\"https:\/\/www.oseido.tech\/#\/schema\/person\/f822bc3c04806b3129aad5592d598793\",\"name\":\"admin-oseido243B\",\"image\":{\"@type\":\"ImageObject\",\"inLanguage\":\"fr-FR\",\"@id\":\"https:\/\/secure.gravatar.com\/avatar\/3379be35d00e8097efeb9360702c0c6723ede01624d570c1941533f179fbd748?s=96&d=mm&r=g\",\"url\":\"https:\/\/secure.gravatar.com\/avatar\/3379be35d00e8097efeb9360702c0c6723ede01624d570c1941533f179fbd748?s=96&d=mm&r=g\",\"contentUrl\":\"https:\/\/secure.gravatar.com\/avatar\/3379be35d00e8097efeb9360702c0c6723ede01624d570c1941533f179fbd748?s=96&d=mm&r=g\",\"caption\":\"admin-oseido243B\"},\"sameAs\":[\"http:\/\/www.oseido.tech\"],\"url\":\"https:\/\/www.oseido.tech\/index.php\/author\/admin1339\/\"}]}<\/script>\n<!-- \/ Yoast SEO plugin. -->","yoast_head_json":{"title":"Expobiogaz, the renewable gas exhibition - OSEIDO","robots":{"index":"index","follow":"follow","max-snippet":"max-snippet:-1","max-image-preview":"max-image-preview:large","max-video-preview":"max-video-preview:-1"},"canonical":"https:\/\/www.oseido.tech\/index.php\/en\/2023\/01\/05\/expobiogaz-the-renewable-gas-exhibition\/","og_locale":"fr_FR","og_type":"article","og_title":"Expobiogaz, the renewable gas exhibition - OSEIDO","og_description":"Expobiogaz, le rendez-vous national de r\u00e9f\u00e9rence du gaz renouvelable les 7 et 8 juin 2023 a Strasbourg \u00a0 Expobiogaz, salon national du\u00a0gaz renouvelable,\u00a0un rendez-vous de r\u00e9f\u00e9rence en France pr\u00e9sente l&rsquo;ensemble des\u00a0solutions pour la production et la valorisation\u00a0du gaz renouvelable. Ce salon vous int\u00e9ressera si vous \u00eates porteur de projets, exploitant d\u2019unit\u00e9s biogaz, agriculteur, industriel\u00a0de l&rsquo;agro-alimentaire, [&hellip;]","og_url":"https:\/\/www.oseido.tech\/index.php\/en\/2023\/01\/05\/expobiogaz-the-renewable-gas-exhibition\/","og_site_name":"OSEIDO","article_published_time":"2023-01-05T21:23:44+00:00","article_modified_time":"2023-04-10T20:39:47+00:00","og_image":[{"width":1600,"height":1046,"url":"https:\/\/www.oseido.tech\/wp-content\/uploads\/2023\/03\/oseido-visuel-paysage-grd-08.jpg","type":"image\/jpeg"}],"author":"admin-oseido243B","twitter_card":"summary_large_image","twitter_misc":{"\u00c9crit par":"admin-oseido243B","Dur\u00e9e de lecture estim\u00e9e":"1 minute"},"schema":{"@context":"https:\/\/schema.org","@graph":[{"@type":"Article","@id":"https:\/\/www.oseido.tech\/index.php\/en\/2023\/01\/05\/expobiogaz-the-renewable-gas-exhibition\/#article","isPartOf":{"@id":"https:\/\/www.oseido.tech\/index.php\/en\/2023\/01\/05\/expobiogaz-the-renewable-gas-exhibition\/"},"author":{"name":"admin-oseido243B","@id":"https:\/\/www.oseido.tech\/#\/schema\/person\/f822bc3c04806b3129aad5592d598793"},"headline":"Expobiogaz, the renewable gas exhibition","datePublished":"2023-01-05T21:23:44+00:00","dateModified":"2023-04-10T20:39:47+00:00","mainEntityOfPage":{"@id":"https:\/\/www.oseido.tech\/index.php\/en\/2023\/01\/05\/expobiogaz-the-renewable-gas-exhibition\/"},"wordCount":102,"publisher":{"@id":"https:\/\/www.oseido.tech\/#organization"},"image":{"@id":"https:\/\/www.oseido.tech\/index.php\/en\/2023\/01\/05\/expobiogaz-the-renewable-gas-exhibition\/#primaryimage"},"thumbnailUrl":"https:\/\/www.oseido.tech\/wp-content\/uploads\/2023\/03\/oseido-visuel-paysage-grd-08.jpg","inLanguage":"fr-FR"},{"@type":"WebPage","@id":"https:\/\/www.oseido.tech\/index.php\/en\/2023\/01\/05\/expobiogaz-the-renewable-gas-exhibition\/","url":"https:\/\/www.oseido.tech\/index.php\/en\/2023\/01\/05\/expobiogaz-the-renewable-gas-exhibition\/","name":"Expobiogaz, the renewable gas exhibition - OSEIDO","isPartOf":{"@id":"https:\/\/www.oseido.tech\/#website"},"primaryImageOfPage":{"@id":"https:\/\/www.oseido.tech\/index.php\/en\/2023\/01\/05\/expobiogaz-the-renewable-gas-exhibition\/#primaryimage"},"image":{"@id":"https:\/\/www.oseido.tech\/index.php\/en\/2023\/01\/05\/expobiogaz-the-renewable-gas-exhibition\/#primaryimage"},"thumbnailUrl":"https:\/\/www.oseido.tech\/wp-content\/uploads\/2023\/03\/oseido-visuel-paysage-grd-08.jpg","datePublished":"2023-01-05T21:23:44+00:00","dateModified":"2023-04-10T20:39:47+00:00","breadcrumb":{"@id":"https:\/\/www.oseido.tech\/index.php\/en\/2023\/01\/05\/expobiogaz-the-renewable-gas-exhibition\/#breadcrumb"},"inLanguage":"fr-FR","potentialAction":[{"@type":"ReadAction","target":["https:\/\/www.oseido.tech\/index.php\/en\/2023\/01\/05\/expobiogaz-the-renewable-gas-exhibition\/"]}]},{"@type":"ImageObject","inLanguage":"fr-FR","@id":"https:\/\/www.oseido.tech\/index.php\/en\/2023\/01\/05\/expobiogaz-the-renewable-gas-exhibition\/#primaryimage","url":"https:\/\/www.oseido.tech\/wp-content\/uploads\/2023\/03\/oseido-visuel-paysage-grd-08.jpg","contentUrl":"https:\/\/www.oseido.tech\/wp-content\/uploads\/2023\/03\/oseido-visuel-paysage-grd-08.jpg","width":1600,"height":1046},{"@type":"BreadcrumbList","@id":"https:\/\/www.oseido.tech\/index.php\/en\/2023\/01\/05\/expobiogaz-the-renewable-gas-exhibition\/#breadcrumb","itemListElement":[{"@type":"ListItem","position":1,"name":"Accueil","item":"https:\/\/www.oseido.tech\/"},{"@type":"ListItem","position":2,"name":"Expobiogaz, the renewable gas exhibition"}]},{"@type":"WebSite","@id":"https:\/\/www.oseido.tech\/#website","url":"https:\/\/www.oseido.tech\/","name":"OSEIDO","description":"Solutions biomim\u00e9tiques de traitement d&#039;eau","publisher":{"@id":"https:\/\/www.oseido.tech\/#organization"},"potentialAction":[{"@type":"SearchAction","target":{"@type":"EntryPoint","urlTemplate":"https:\/\/www.oseido.tech\/?s={search_term_string}"},"query-input":{"@type":"PropertyValueSpecification","valueRequired":true,"valueName":"search_term_string"}}],"inLanguage":"fr-FR"},{"@type":"Organization","@id":"https:\/\/www.oseido.tech\/#organization","name":"OSEIDO","url":"https:\/\/www.oseido.tech\/","logo":{"@type":"ImageObject","inLanguage":"fr-FR","@id":"https:\/\/www.oseido.tech\/#\/schema\/logo\/image\/","url":"https:\/\/www.oseido.tech\/wp-content\/uploads\/2023\/02\/Logo-OSEIDO.svg","contentUrl":"https:\/\/www.oseido.tech\/wp-content\/uploads\/2023\/02\/Logo-OSEIDO.svg","width":1991,"height":715,"caption":"OSEIDO"},"image":{"@id":"https:\/\/www.oseido.tech\/#\/schema\/logo\/image\/"}},{"@type":"Person","@id":"https:\/\/www.oseido.tech\/#\/schema\/person\/f822bc3c04806b3129aad5592d598793","name":"admin-oseido243B","image":{"@type":"ImageObject","inLanguage":"fr-FR","@id":"https:\/\/secure.gravatar.com\/avatar\/3379be35d00e8097efeb9360702c0c6723ede01624d570c1941533f179fbd748?s=96&d=mm&r=g","url":"https:\/\/secure.gravatar.com\/avatar\/3379be35d00e8097efeb9360702c0c6723ede01624d570c1941533f179fbd748?s=96&d=mm&r=g","contentUrl":"https:\/\/secure.gravatar.com\/avatar\/3379be35d00e8097efeb9360702c0c6723ede01624d570c1941533f179fbd748?s=96&d=mm&r=g","caption":"admin-oseido243B"},"sameAs":["http:\/\/www.oseido.tech"],"url":"https:\/\/www.oseido.tech\/index.php\/author\/admin1339\/"}]}},"_links":{"self":[{"href":"https:\/\/www.oseido.tech\/index.php\/wp-json\/wp\/v2\/posts\/4803","targetHints":{"allow":["GET"]}}],"collection":[{"href":"https:\/\/www.oseido.tech\/index.php\/wp-json\/wp\/v2\/posts"}],"about":[{"href":"https:\/\/www.oseido.tech\/index.php\/wp-json\/wp\/v2\/types\/post"}],"author":[{"embeddable":true,"href":"https:\/\/www.oseido.tech\/index.php\/wp-json\/wp\/v2\/users\/1"}],"replies":[{"embeddable":true,"href":"https:\/\/www.oseido.tech\/index.php\/wp-json\/wp\/v2\/comments?post=4803"}],"version-history":[{"count":4,"href":"https:\/\/www.oseido.tech\/index.php\/wp-json\/wp\/v2\/posts\/4803\/revisions"}],"predecessor-version":[{"id":4820,"href":"https:\/\/www.oseido.tech\/index.php\/wp-json\/wp\/v2\/posts\/4803\/revisions\/4820"}],"wp:featuredmedia":[{"embeddable":true,"href":"https:\/\/www.oseido.tech\/index.php\/wp-json\/wp\/v2\/media\/3513"}],"wp:attachment":[{"href":"https:\/\/www.oseido.tech\/index.php\/wp-json\/wp\/v2\/media?parent=4803"}],"wp:term":[{"taxonomy":"category","embeddable":true,"href":"https:\/\/www.oseido.tech\/index.php\/wp-json\/wp\/v2\/categories?post=4803"},{"taxonomy":"post_tag","embeddable":true,"href":"https:\/\/www.oseido.tech\/index.php\/wp-json\/wp\/v2\/tags?post=4803"}],"curies":[{"name":"wp","href":"https:\/\/api.w.org\/{rel}","templated":true}]}}